{"id":9398,"date":"2024-01-19T10:11:43","date_gmt":"2024-01-19T13:11:43","guid":{"rendered":"https:\/\/portalfaperp.com.br\/site\/?p=9398"},"modified":"2024-04-02T11:32:07","modified_gmt":"2024-04-02T14:32:07","slug":"concurso-publico-02-24-fundacao-municipal-de-educacao-e-cultura-funec","status":"publish","type":"post","link":"https:\/\/portalfaperp.com.br\/site\/2024\/01\/19\/concurso-publico-02-24-fundacao-municipal-de-educacao-e-cultura-funec\/","title":{"rendered":"Concurso P\u00fablico 02\/24 \u2013 Funda\u00e7\u00e3o Municipal de Educa\u00e7\u00e3o e Cultura \u2013 FUNEC"},"content":{"rendered":"<p>&nbsp;<\/p>\n<p>A Funda\u00e7\u00e3o Municipal de Educa\u00e7\u00e3o e Cultura &#8211; FUNEC abre, a partir do dia 25\/01\/2024 as inscri\u00e7\u00f5es para o Concurso P\u00fablico 02\/2024, destinado ao provimento de 03 (tr\u00eas) vagas para cargos p\u00fablicos do quadro de efetivos da FUNEC.<\/p>\n<p>Abaixo seguem as vagas para o concurso:<\/p>\n<p><img fetchpriority=\"high\" decoding=\"async\" class=\"alignnone size-full wp-image-9399\" src=\"https:\/\/portalfaperp.com.br\/site\/wp-content\/uploads\/2024\/01\/Captura-de-Tela-2024-01-19-as-08.58.17.png\" alt=\"\" width=\"2014\" height=\"622\" srcset=\"https:\/\/portalfaperp.com.br\/site\/wp-content\/uploads\/2024\/01\/Captura-de-Tela-2024-01-19-as-08.58.17.png 2014w, https:\/\/portalfaperp.com.br\/site\/wp-content\/uploads\/2024\/01\/Captura-de-Tela-2024-01-19-as-08.58.17-1024x316.png 1024w, https:\/\/portalfaperp.com.br\/site\/wp-content\/uploads\/2024\/01\/Captura-de-Tela-2024-01-19-as-08.58.17-768x237.png 768w, https:\/\/portalfaperp.com.br\/site\/wp-content\/uploads\/2024\/01\/Captura-de-Tela-2024-01-19-as-08.58.17-1536x474.png 1536w\" sizes=\"(max-width: 2014px) 100vw, 2014px\" \/><\/p>\n<p>============================<\/p>\n<p>Todas as informa\u00e7\u00f5es referente ao Concurso P\u00fablico 02\/24 encontram-se dispon\u00edveis no Edital Normativo abaixo.<\/p>\n<p><strong>PUBLICA\u00c7\u00d5ES<\/strong><\/p>\n<p>&#8211; <strong><a href=\"https:\/\/portalfaperp.com.br\/site\/wp-content\/uploads\/2024\/01\/EDITAL_NORMATIVO_CP_02-2024_UNIFUNEC_MOTORISTA_VERSAO_FINAL.pdf\" target=\"_blank\" rel=\"noopener\">EDITAL NORMATIVO &#8211; CONCURSO 02\/2024<\/a><\/strong><\/p>\n<p>&#8211; <strong><a href=\"https:\/\/portalfaperp.com.br\/site\/wp-content\/uploads\/2024\/01\/EDITAL_HOMOLOGACAO_INSCRICOES_CP_02-2024_UNIFUNEC.pdf\" target=\"_blank\" rel=\"noopener\">EDITAL DE HOMOLOGA\u00c7\u00c3O DAS INSCRI\u00c7\u00d5ES<\/a><\/strong><\/p>\n<p>&#8211; <strong><a href=\"https:\/\/portalfaperp.com.br\/site\/wp-content\/uploads\/2024\/01\/EDITAL_CONVOCACAO_CP_02-2024_UNIFUNEC.pdf\" target=\"_blank\" rel=\"noopener\">EDITAL DE CONVOCA\u00c7\u00c3O PARA AS PROVAS OBJETIVAS<\/a><\/strong><\/p>\n<p>&#8211; <strong><a href=\"https:\/\/portalfaperp.com.br\/site\/wp-content\/uploads\/2024\/01\/EDITAL_RETIFICACAO_INCLUSAO_CP_02-2024_UNIFUNEC.pdf\" target=\"_blank\" rel=\"noopener\">RETIFICA\u00c7\u00c3O DE EDITAL DE HOMOLOGA\u00c7\u00c3O DAS INSCRI\u00c7\u00d5ES<\/a><\/strong><\/p>\n<p>&#8211; <strong><a href=\"https:\/\/portalfaperp.com.br\/site\/wp-content\/uploads\/2024\/01\/GAB.-PRELIMINAR_CP02-2024_FUNEC.pdf\" target=\"_blank\" rel=\"noopener\">GABARITO PRELIMINAR DAS PROVAS OBJETIVAS<\/a><\/strong><\/p>\n<p>&#8211; <strong><a href=\"https:\/\/portalfaperp.com.br\/site\/wp-content\/uploads\/2024\/01\/RESPOSTAS_SITE_CP02-MOTORISTA.pdf\" target=\"_blank\" rel=\"noopener\">RESPOSTAS AOS RECURSOS<\/a><\/strong><\/p>\n<p>&#8211; <strong><a href=\"https:\/\/portalfaperp.com.br\/site\/wp-content\/uploads\/2024\/01\/EDITAL_RESULTADO_PRELIMINAR_CP_02-2024_UNIFUNEC.pdf\" target=\"_blank\" rel=\"noopener\">EDITAL DE RESULTADO PRELIMINAR DAS PROVAS OBJETIVAS<\/a><\/strong><\/p>\n<p>&#8211; <strong><a href=\"https:\/\/portalfaperp.com.br\/site\/wp-content\/uploads\/2024\/01\/EDITAL_CONVOCACAO_PROVAS_PRATICAS_CP_02-2024_UNIFUNEC.pdf\" target=\"_blank\" rel=\"noopener\">EDITAL DE CONVOCA\u00c7\u00c3O PARA AS PROVAS PR\u00c1TICAS<\/a><\/strong><\/p>\n<p>&#8211; <strong><a href=\"https:\/\/portalfaperp.com.br\/site\/wp-content\/uploads\/2024\/01\/EDITAL_RESULTADO_PRELIMINAR_PROVAS_PRATICAS_CP_02-2024_UNIFUNEC.pdf\" target=\"_blank\" rel=\"noopener\">EDITAL DE RESULTADO PRELIMINAR DAS PROVAS PR\u00c1TICAS<\/a><\/strong><\/p>\n<p>&#8211; <strong><a href=\"https:\/\/portalfaperp.com.br\/site\/wp-content\/uploads\/2024\/01\/EDITAL_RESULTADO_FINAL_HOMOLOGACAO_CP_02-2024_UNIFUNEC.pdf\" target=\"_blank\" rel=\"noopener\">EDITAL DE RESULTADO FINAL E HOMOLOGAC\u0327A\u0303O DO CONCURSO<\/a><\/strong><\/p>\n<p>============================<\/p>\n<p><strong>TAXA DAS INSCRI\u00c7\u00d5ES<\/strong><\/p>\n<p>A taxa de inscri\u00e7\u00e3o para o cargo de motorista \u00e9 de R$ 50,00 (cinquenta reais).<\/p>\n<p>&nbsp;<\/p>\n<p>============================<\/p>\n<p><strong>INFORMA\u00c7\u00d5ES \u00daTEIS SOBRE A INSCRI\u00c7\u00c3O<\/strong><\/p>\n<p>&nbsp;<\/p>\n<p><strong><a href=\"https:\/\/concursos.adexodev.com.br\/public\/searchCandidate\" target=\"_blank\" rel=\"noopener\">CLIQUE AQUI PARA ACESSAR A \u00c1REA DO CANDIDATO<\/a><\/strong><\/p>\n<p>&nbsp;<\/p>\n<p>Lembramos que TODAS as informa\u00e7\u00f5es referente ao Concurso est\u00e3o presentes no\u00a0<strong>EDITAL NORMATIVO<\/strong>.<\/p>\n<p>A inscri\u00e7\u00e3o no concurso \u00e9 feita da seguinte forma:<\/p>\n<p>Passo 1 \u2013 Acessar a plataforma e cadastrar os dados pessoais.<\/p>\n<p>Passo 2 \u2013 Ap\u00f3s cadastrar os dados pessoais, incluindo os dados obrigat\u00f3rios, o candidato pode verificar os concursos dispon\u00edveis.<\/p>\n<p>Passo 3 \u2013 Ap\u00f3s visualizar o(s) concurso(s) dispon\u00edvel(is), clicar em \u201cFAZER INSCRI\u00c7\u00c3O\u201d.<\/p>\n<p>Passo 4 \u2013 Ser\u00e3o apresentados nessa \u00e1rea os cargos dispon\u00edveis para este concurso\/processo seletivo, assim como o Edital, e outras informa\u00e7\u00f5es relevantes.<\/p>\n<p>Passo 5 \u2013 Ao escolher o cargo, basta confirmar a inscri\u00e7\u00e3o.<\/p>\n<p>Passo 6 \u2013 Ap\u00f3s confirmar a inscri\u00e7\u00e3o no cargo, o candidato visualiza a p\u00e1gina da Inscri\u00e7\u00e3o, com os dados da Inscri\u00e7\u00e3o, local de prova, Editais e se\u00e7\u00e3o para pagamento.<\/p>\n<p>Passo 7 \u2013 Ap\u00f3s verificada se todas as informa\u00e7\u00f5es est\u00e3o corretas, proceder com o pagamento do boleto, que demora de 1 a 2 dias para a liquida\u00e7\u00e3o banc\u00e1ria, e altera\u00e7\u00e3o do STATUS de pagamento.<\/p>\n<p>Passo 8 \u2013 Acompanhar as informa\u00e7\u00f5es do Concurso tanto pela \u00c1rea Restrita, quanto pelo site da Funda\u00e7\u00e3o Faperp.<\/p>\n<p>Quaisquer d\u00favidas, entre em contato conosco pelo e-mail: sac@faperp.org.br ou pelo telefone (17) 3211-1089.<\/p>\n<p>&nbsp;<\/p>\n","protected":false},"excerpt":{"rendered":"<p>&nbsp; A Funda\u00e7\u00e3o Municipal de Educa\u00e7\u00e3o e Cultura &#8211; FUNEC abre, a partir do dia 25\/01\/2024 as inscri\u00e7\u00f5es para o [&hellip;]<\/p>\n","protected":false},"author":1,"featured_media":9397,"comment_status":"open","ping_status":"open","sticky":false,"template":"","format":"standard","meta":{"footnotes":""},"categories":[26],"tags":[],"class_list":["post-9398","post","type-post","status-publish","format-standard","has-post-thumbnail","hentry","category-concursos"],"_links":{"self":[{"href":"https:\/\/portalfaperp.com.br\/site\/wp-json\/wp\/v2\/posts\/9398","targetHints":{"allow":["GET"]}}],"collection":[{"href":"https:\/\/portalfaperp.com.br\/site\/wp-json\/wp\/v2\/posts"}],"about":[{"href":"https:\/\/portalfaperp.com.br\/site\/wp-json\/wp\/v2\/types\/post"}],"author":[{"embeddable":true,"href":"https:\/\/portalfaperp.com.br\/site\/wp-json\/wp\/v2\/users\/1"}],"replies":[{"embeddable":true,"href":"https:\/\/portalfaperp.com.br\/site\/wp-json\/wp\/v2\/comments?post=9398"}],"version-history":[{"count":11,"href":"https:\/\/portalfaperp.com.br\/site\/wp-json\/wp\/v2\/posts\/9398\/revisions"}],"predecessor-version":[{"id":9485,"href":"https:\/\/portalfaperp.com.br\/site\/wp-json\/wp\/v2\/posts\/9398\/revisions\/9485"}],"wp:featuredmedia":[{"embeddable":true,"href":"https:\/\/portalfaperp.com.br\/site\/wp-json\/wp\/v2\/media\/9397"}],"wp:attachment":[{"href":"https:\/\/portalfaperp.com.br\/site\/wp-json\/wp\/v2\/media?parent=9398"}],"wp:term":[{"taxonomy":"category","embeddable":true,"href":"https:\/\/portalfaperp.com.br\/site\/wp-json\/wp\/v2\/categories?post=9398"},{"taxonomy":"post_tag","embeddable":true,"href":"https:\/\/portalfaperp.com.br\/site\/wp-json\/wp\/v2\/tags?post=9398"}],"curies":[{"name":"wp","href":"https:\/\/api.w.org\/{rel}","templated":true}]}}