{"id":8764,"date":"2023-08-22T20:40:17","date_gmt":"2023-08-22T23:40:17","guid":{"rendered":"https:\/\/portalfaperp.com.br\/site\/?p=8764"},"modified":"2023-11-24T17:02:28","modified_gmt":"2023-11-24T20:02:28","slug":"concurso-cidade-de-batatais","status":"publish","type":"post","link":"https:\/\/portalfaperp.com.br\/site\/2023\/08\/22\/concurso-cidade-de-batatais\/","title":{"rendered":"Concurso &#8211; Cidade de Batatais"},"content":{"rendered":"<p>&nbsp;<\/p>\n<p>A C\u00e2mara Municipal da cidade de Batatais promove o Concurso P\u00fablico 01\/2023, para o preenchimento de <strong>9 vagas<\/strong> para os seguintes empregos p\u00fablicos:<\/p>\n<p><img fetchpriority=\"high\" decoding=\"async\" class=\"alignnone size-full wp-image-9236\" src=\"https:\/\/portalfaperp.com.br\/site\/wp-content\/uploads\/2023\/08\/Captura-de-Tela-2023-10-11-as-17.05.46.png\" alt=\"\" width=\"1974\" height=\"954\" srcset=\"https:\/\/portalfaperp.com.br\/site\/wp-content\/uploads\/2023\/08\/Captura-de-Tela-2023-10-11-as-17.05.46.png 1974w, https:\/\/portalfaperp.com.br\/site\/wp-content\/uploads\/2023\/08\/Captura-de-Tela-2023-10-11-as-17.05.46-1024x495.png 1024w, https:\/\/portalfaperp.com.br\/site\/wp-content\/uploads\/2023\/08\/Captura-de-Tela-2023-10-11-as-17.05.46-768x371.png 768w, https:\/\/portalfaperp.com.br\/site\/wp-content\/uploads\/2023\/08\/Captura-de-Tela-2023-10-11-as-17.05.46-1536x742.png 1536w\" sizes=\"(max-width: 1974px) 100vw, 1974px\" \/><\/p>\n<p>&#8212;&#8212;&#8212;&#8212;&#8212;&#8212;&#8212;&#8212;&#8211;<\/p>\n<p><strong>PUBLICA\u00c7\u00d5ES<\/strong><\/p>\n<p><strong>&#8211; <a href=\"https:\/\/portalfaperp.com.br\/site\/wp-content\/uploads\/2023\/08\/edital_cmbatatais23.pdf\" target=\"_blank\" rel=\"noopener\">EDITAL NORMATIVO<\/a><\/strong><\/p>\n<p><strong>&#8211; <a href=\"https:\/\/portalfaperp.com.br\/site\/wp-content\/uploads\/2023\/08\/edital_retificacao.pdf\" target=\"_blank\" rel=\"noopener\">EDITAL NORMATIVO &#8211; RETIFICA\u00c7\u00c3O<\/a><\/strong><\/p>\n<p><strong>&#8211; <a href=\"https:\/\/portalfaperp.com.br\/site\/wp-content\/uploads\/2023\/08\/edital_isencao.pdf\" target=\"_blank\" rel=\"noopener\">RESULTADO PRELIMINAR &#8211; AN\u00c1LISE DAS SOLICITA\u00c7\u00d5ES DE ISEN\u00c7\u00c3O DE INSCRI\u00c7\u00d5ES<\/a><\/strong><\/p>\n<p><strong>&#8211; <a href=\"https:\/\/portalfaperp.com.br\/site\/wp-content\/uploads\/2023\/08\/resultado_isencoes.pdf\" target=\"_blank\" rel=\"noopener\">RESULTADO DEFINITIVO &#8211; AN\u00c1LISE DAS SOLICITA\u00c7\u00d5ES DE ISEN\u00c7\u00c3O DA TAXA DE INSCRI\u00c7\u00c3O<\/a><\/strong><\/p>\n<p>&#8211; <strong><a href=\"https:\/\/portalfaperp.com.br\/site\/wp-content\/uploads\/2023\/08\/inscr_homologadas.pdf\" target=\"_blank\" rel=\"noopener\">EDITAL &#8211; HOMOLOGA\u00c7\u00c3O DE INSCRI\u00c7\u00d5ES<\/a><\/strong><\/p>\n<p>&#8211; <strong><a href=\"https:\/\/portalfaperp.com.br\/site\/wp-content\/uploads\/2023\/08\/edital_cond_esp.pdf\" target=\"_blank\" rel=\"noopener\">EDITAL &#8211; AN\u00c1LISE DE VAGAS RESERVADAS E CONDI\u00c7\u00d5ES ESPECIAIS<\/a><\/strong><\/p>\n<p>&#8211; <strong><a href=\"https:\/\/portalfaperp.com.br\/site\/wp-content\/uploads\/2023\/08\/edital_convocacao.pdf\" target=\"_blank\" rel=\"noopener\">EDITAL DE CONVOCA\u00c7\u00c3O<\/a><\/strong><\/p>\n<p>&#8211; <strong><a href=\"https:\/\/portalfaperp.com.br\/site\/wp-content\/uploads\/2023\/08\/Gabarito_Preliminar.pdf\" target=\"_blank\" rel=\"noopener\">GABARITO PRELIMINAR<\/a><\/strong><\/p>\n<p>&#8211; <strong><a href=\"https:\/\/portalfaperp.com.br\/site\/wp-content\/uploads\/2023\/08\/RESPOSTAS_SITE.pdf\" target=\"_blank\" rel=\"noopener\">RESPOSTAS AOS RECURSOS<\/a><\/strong><\/p>\n<p>&#8211;<strong> <a href=\"https:\/\/portalfaperp.com.br\/site\/wp-content\/uploads\/2023\/08\/Edital_Resultado_Preliminar_CM_Batatais.pdf\" target=\"_blank\" rel=\"noopener\">EDITAL &#8211; RESULTADO PRELIMINAR<\/a><\/strong><\/p>\n<p>&#8211;<strong> <a href=\"https:\/\/portalfaperp.com.br\/site\/wp-content\/uploads\/2023\/08\/Edital_Resultado_Final.pdf\" target=\"_blank\" rel=\"noopener\">EDITAL &#8211; RESULTADO FINAL<\/a><\/strong><\/p>\n<p>&nbsp;<\/p>\n<p>&#8212;&#8212;&#8212;&#8212;&#8212;&#8212;&#8212;&#8212;&#8211;<\/p>\n<p><strong>INFORMA\u00c7\u00d5ES \u00daTEIS<\/strong><\/p>\n<p>As inscri\u00e7\u00f5es para o Concurso P\u00fablico tem in\u00edcio no dia 12\/09\/2023, as 9h, e t\u00e9rmino \u00e0s 23h59 do dia 11\/10\/2023 no site da Funda\u00e7\u00e3o Faperp. O link ser\u00e1 liberado na p\u00e1gina do concurso.<\/p>\n<p>A data da prova est\u00e1 prevista para acontecer no dia 05\/11\/2023 (domingo), em local a ser definido.<\/p>\n<p>O concurso ser\u00e1 realizado em fase \u00fanica, com prova objetiva, que visam avaliar as habilidades e conhecimentos te\u00f3ricos necess\u00e1rios ao desempenho pleno das atribui\u00e7\u00f5es dos empregos, e tem car\u00e1ter eliminat\u00f3rio e classificat\u00f3rio. A prova \u00e9 composta por quest\u00f5es de m\u00faltipla escolha, com 4 (quatro) alternativas cada quest\u00e3o. O tempo total da dura\u00e7\u00e3o da prova \u00e9 de 3h30 (tr\u00eas horas e trinta minutos).<\/p>\n<p>Para a realiza\u00e7\u00e3o da inscri\u00e7\u00e3o, basta criar a conta na plataforma de concursos e escolher a vaga dos concursos em aberto. O valor da inscri\u00e7\u00e3o \u00e9 pago somente via boleto banc\u00e1rio, e somente ap\u00f3s o pagamento, a inscri\u00e7\u00e3o \u00e9 efetivada. O candidato pode acompanhar o status da inscri\u00e7\u00e3o pela plataforma, assim como os dados sobre o local de prova, entre outras informa\u00e7\u00f5es.<\/p>\n<p>Em caso de d\u00favidas, veja os detalhes do concurso no EDITAL, ou envie e-mail para sac@faperp.org.br.<\/p>\n<p><a href=\"https:\/\/concursos.adexodev.com.br\/public\/searchCandidate\"><img decoding=\"async\" class=\"alignleft wp-image-9237 size-medium\" src=\"https:\/\/portalfaperp.com.br\/site\/wp-content\/uploads\/2023\/08\/Captura-de-Tela-2023-10-11-as-17.08.56-300x65.png\" alt=\"\" width=\"300\" height=\"65\" \/><\/a><\/p>\n<p>&nbsp;<\/p>\n<p>&nbsp;<\/p>\n<p>&nbsp;<\/p>\n<p>&#8212;&#8212;&#8212;&#8212;&#8212;&#8212;&#8212;&#8212;&#8211;<\/p>\n<p><strong>VALOR DAS INSCRI\u00c7\u00d5ES<\/strong><\/p>\n<p>Os valores das inscri\u00e7\u00f5es seguem abaixo:<\/p>\n<p><strong>N\u00edvel fundamental: R$ 55,00 (cinquenta e cinco reais)<\/strong><br \/>\nVaga: Auxiliar de Servi\u00e7os Gerais<\/p>\n<p><strong>N\u00edvel M\u00e9dio: R$ 75,00 (setenta e cinco reais)<\/strong><br \/>\nVagas: Assistente de Som e Imagem; Assistente Legislativo; T\u00e9cnico de Inform\u00e1tica<\/p>\n<p><strong>N\u00edvel Superior: R$ 95,00 (noventa e cinco reais)<\/strong><br \/>\nVagas: Assessor de Imprensa; Contador; Procurador<\/p>\n<p>&#8212;&#8212;&#8212;&#8212;&#8212;&#8212;&#8212;&#8212;&#8212;<\/p>\n<p><strong>CLIQUE <a href=\"https:\/\/concursos.adexodev.com.br\/public\/searchCandidate\" target=\"_blank\" rel=\"noopener\">AQUI<\/a> PARA ACESSAR O SISTEMA E ACOMPANHAR AS INFORMA\u00c7\u00d5ES DO CONCURSO<\/strong><\/p>\n<p>&nbsp;<\/p>\n<p>&nbsp;<\/p>\n","protected":false},"excerpt":{"rendered":"<p>&nbsp; A C\u00e2mara Municipal da cidade de Batatais promove o Concurso P\u00fablico 01\/2023, para o preenchimento de 9 vagas para [&hellip;]<\/p>\n","protected":false},"author":1,"featured_media":9148,"comment_status":"closed","ping_status":"open","sticky":false,"template":"","format":"standard","meta":{"footnotes":""},"categories":[26],"tags":[29,30],"class_list":["post-8764","post","type-post","status-publish","format-standard","has-post-thumbnail","hentry","category-concursos","tag-concursos","tag-processo-seletivo"],"_links":{"self":[{"href":"https:\/\/portalfaperp.com.br\/site\/wp-json\/wp\/v2\/posts\/8764","targetHints":{"allow":["GET"]}}],"collection":[{"href":"https:\/\/portalfaperp.com.br\/site\/wp-json\/wp\/v2\/posts"}],"about":[{"href":"https:\/\/portalfaperp.com.br\/site\/wp-json\/wp\/v2\/types\/post"}],"author":[{"embeddable":true,"href":"https:\/\/portalfaperp.com.br\/site\/wp-json\/wp\/v2\/users\/1"}],"replies":[{"embeddable":true,"href":"https:\/\/portalfaperp.com.br\/site\/wp-json\/wp\/v2\/comments?post=8764"}],"version-history":[{"count":32,"href":"https:\/\/portalfaperp.com.br\/site\/wp-json\/wp\/v2\/posts\/8764\/revisions"}],"predecessor-version":[{"id":9303,"href":"https:\/\/portalfaperp.com.br\/site\/wp-json\/wp\/v2\/posts\/8764\/revisions\/9303"}],"wp:featuredmedia":[{"embeddable":true,"href":"https:\/\/portalfaperp.com.br\/site\/wp-json\/wp\/v2\/media\/9148"}],"wp:attachment":[{"href":"https:\/\/portalfaperp.com.br\/site\/wp-json\/wp\/v2\/media?parent=8764"}],"wp:term":[{"taxonomy":"category","embeddable":true,"href":"https:\/\/portalfaperp.com.br\/site\/wp-json\/wp\/v2\/categories?post=8764"},{"taxonomy":"post_tag","embeddable":true,"href":"https:\/\/portalfaperp.com.br\/site\/wp-json\/wp\/v2\/tags?post=8764"}],"curies":[{"name":"wp","href":"https:\/\/api.w.org\/{rel}","templated":true}]}}